{"id":1691,"date":"2021-08-13T19:44:28","date_gmt":"2021-08-13T17:44:28","guid":{"rendered":"http:\/\/hojas.co.at\/blog\/?p=1691"},"modified":"2021-08-13T19:44:28","modified_gmt":"2021-08-13T17:44:28","slug":"forum-erleben-reisen-fuer-alle-oesterreich-europa-und-weltweit","status":"publish","type":"post","link":"http:\/\/hojas.co.at\/blog\/forum-erleben-reisen-fuer-alle-oesterreich-europa-und-weltweit\/","title":{"rendered":"Forum Erleben &#8211; Reisen f\u00fcr Alle \u2013 \u00d6sterreich, Europa und Weltweit"},"content":{"rendered":"<p>Betreute Reisen in kleinen Gruppen<\/p>\n<p>Egal ob Sie unterwegs die eine oder andere Hilfe oder Unterst\u00fctzung ben\u00f6tigen, ob Sie f\u00fcr den Fall der F\u00e4lle immer jemanden in Ihrer N\u00e4he haben m\u00f6chten oder ob Sie einfach die angenehme und nette Atmosph\u00e4re kleiner Reisegruppen zu sch\u00e4tzen wissen \u2013 mit uns wird Ihr Urlaub zu einem besonderen Erlebnis.<\/p>\n<p>Sie m\u00f6chten lieber auf eigene Faust verreisen?<\/p>\n<p>Wir organisieren f\u00fcr Sie auch gerne Ihren ganz pers\u00f6nlichen Traumurlaub. Daf\u00fcr arbeiten wir mit Partnern auf der ganzen Welt zusammen, die sich so wie wir dem Motto \u201eUrlaub f\u00fcr Alle\u201c verschrieben haben.<\/p>\n<p>Link zur Homepage von Reisen f\u00fcr Alle: <a href=\"https:\/\/www.forum-erleben.at\/?fbclid=IwAR0XzqvaGofGHKQGiHrj2IN-ZRIS7e9uCg7mFANCMGnQVrOWd3-KXfVV8E8\">https:\/\/www.forum-erleben.at\/?fbclid=IwAR0XzqvaGofGHKQGiHrj2IN-ZRIS7e9uCg7mFANCMGnQVrOWd3-KXfVV8E8<\/a><\/p>\n","protected":false},"excerpt":{"rendered":"<p>Betreute Reisen in kleinen Gruppen Egal ob Sie unterwegs die eine oder andere Hilfe oder Unterst\u00fctzung ben\u00f6tigen, ob Sie f\u00fcr den Fall der F\u00e4lle immer jemanden in Ihrer N\u00e4he haben&#8230; <a class=\"read-more-button\" href=\"http:\/\/hojas.co.at\/blog\/forum-erleben-reisen-fuer-alle-oesterreich-europa-und-weltweit\/\">Lesen Sie mehr &gt;<\/a><\/p>\n","protected":false},"author":1,"featured_media":0,"comment_status":"open","ping_status":"closed","sticky":false,"template":"","format":"standard","meta":{"spay_email":"","jetpack_publicize_message":""},"categories":[21,27],"tags":[],"jetpack_featured_media_url":"","jetpack_publicize_connections":[],"jetpack_sharing_enabled":true,"jetpack_shortlink":"https:\/\/wp.me\/pawkJb-rh","_links":{"self":[{"href":"http:\/\/hojas.co.at\/blog\/wp-json\/wp\/v2\/posts\/1691"}],"collection":[{"href":"http:\/\/hojas.co.at\/blog\/wp-json\/wp\/v2\/posts"}],"about":[{"href":"http:\/\/hojas.co.at\/blog\/wp-json\/wp\/v2\/types\/post"}],"author":[{"embeddable":true,"href":"http:\/\/hojas.co.at\/blog\/wp-json\/wp\/v2\/users\/1"}],"replies":[{"embeddable":true,"href":"http:\/\/hojas.co.at\/blog\/wp-json\/wp\/v2\/comments?post=1691"}],"version-history":[{"count":1,"href":"http:\/\/hojas.co.at\/blog\/wp-json\/wp\/v2\/posts\/1691\/revisions"}],"predecessor-version":[{"id":1692,"href":"http:\/\/hojas.co.at\/blog\/wp-json\/wp\/v2\/posts\/1691\/revisions\/1692"}],"wp:attachment":[{"href":"http:\/\/hojas.co.at\/blog\/wp-json\/wp\/v2\/media?parent=1691"}],"wp:term":[{"taxonomy":"category","embeddable":true,"href":"http:\/\/hojas.co.at\/blog\/wp-json\/wp\/v2\/categories?post=1691"},{"taxonomy":"post_tag","embeddable":true,"href":"http:\/\/hojas.co.at\/blog\/wp-json\/wp\/v2\/tags?post=1691"}],"curies":[{"name":"wp","href":"https:\/\/api.w.org\/{rel}","templated":true}]}}