{"id":813,"date":"2016-11-04T20:31:22","date_gmt":"2016-11-04T18:31:22","guid":{"rendered":"http:\/\/hojas.co.at\/blog\/?p=813"},"modified":"2016-11-04T20:31:22","modified_gmt":"2016-11-04T18:31:22","slug":"community-plattform-open-hub-ch-zum-austausch-ueber-zugaenglichkeit-it","status":"publish","type":"post","link":"http:\/\/hojas.co.at\/blog\/community-plattform-open-hub-ch-zum-austausch-ueber-zugaenglichkeit-it\/","title":{"rendered":"Community-Plattform open-hub.ch zum Austausch \u00fcber Zug\u00e4nglichkeit IT"},"content":{"rendered":"<p>Eine neue Plattform namens <a href=\"http:\/\/www.open-hub.ch\/\" target=\"_blank\" rel=\"nofollow\">www.open-hub.ch<\/a> soll neue IT (neue Hard- oder Software, sprechende Fernsehger\u00e4te, oder eine Smart-Watch beschrieben) informieren und tzm Austausch \u00fcber Erfahrtungen mit diesen Entwicklugnen anregen.<\/p>\n<p>Die Plattform wurde von der Abteilung &#8222;Technologie &amp; Innovation&#8220; des Schweizerischen Blinden- und Sehbehindertenverbandes (SBV) ins Leben gerufen.<\/p>\n<div class=\"text_exposed_show\">\n<p>Ob eine neue Hard- oder Software, sprechende Fernsehger\u00e4te, oder eine Smart-Watch beschrieben wird, eines der wichtigsten Ziele dieser Plattform ist es, IT-gest\u00fctzte Produkte einer m\u00f6glichst breiten Nutzergruppe bekannt zu machen. Nutzerinnen und Nutzer k\u00f6nnen Artikel und Produkte erfassen, Kommentare zu bestehenden Inhalten abgeben, und diese auch bewerten.<\/p>\n<p>Die Web-Site <a href=\"http:\/\/www.open-hub.ch\/\" target=\"_blank\" rel=\"nofollow\">www.open-hub.ch<\/a> ist in Deutsch, Franz\u00f6sisch und Englisch verf\u00fcgbar.<\/p>\n<\/div>\n<p>Link zur Seite von <a href=\"http:\/\/www.open-hub.ch\/\" target=\"_blank\" rel=\"nofollow\">www.open-hub.ch<\/a><\/p>\n","protected":false},"excerpt":{"rendered":"<p>Eine neue Plattform namens www.open-hub.ch soll neue IT (neue Hard- oder Software, sprechende Fernsehger\u00e4te, oder eine Smart-Watch beschrieben) informieren und tzm Austausch \u00fcber Erfahrtungen mit diesen Entwicklugnen anregen. Die Plattform&#8230; <a class=\"read-more-button\" href=\"http:\/\/hojas.co.at\/blog\/community-plattform-open-hub-ch-zum-austausch-ueber-zugaenglichkeit-it\/\">Lesen Sie mehr &gt;<\/a><\/p>\n","protected":false},"author":1,"featured_media":0,"comment_status":"open","ping_status":"closed","sticky":false,"template":"","format":"standard","meta":{"spay_email":"","jetpack_publicize_message":""},"categories":[17,18,10,12,5],"tags":[],"jetpack_featured_media_url":"","jetpack_publicize_connections":[],"jetpack_sharing_enabled":true,"jetpack_shortlink":"https:\/\/wp.me\/pawkJb-d7","_links":{"self":[{"href":"http:\/\/hojas.co.at\/blog\/wp-json\/wp\/v2\/posts\/813"}],"collection":[{"href":"http:\/\/hojas.co.at\/blog\/wp-json\/wp\/v2\/posts"}],"about":[{"href":"http:\/\/hojas.co.at\/blog\/wp-json\/wp\/v2\/types\/post"}],"author":[{"embeddable":true,"href":"http:\/\/hojas.co.at\/blog\/wp-json\/wp\/v2\/users\/1"}],"replies":[{"embeddable":true,"href":"http:\/\/hojas.co.at\/blog\/wp-json\/wp\/v2\/comments?post=813"}],"version-history":[{"count":1,"href":"http:\/\/hojas.co.at\/blog\/wp-json\/wp\/v2\/posts\/813\/revisions"}],"predecessor-version":[{"id":814,"href":"http:\/\/hojas.co.at\/blog\/wp-json\/wp\/v2\/posts\/813\/revisions\/814"}],"wp:attachment":[{"href":"http:\/\/hojas.co.at\/blog\/wp-json\/wp\/v2\/media?parent=813"}],"wp:term":[{"taxonomy":"category","embeddable":true,"href":"http:\/\/hojas.co.at\/blog\/wp-json\/wp\/v2\/categories?post=813"},{"taxonomy":"post_tag","embeddable":true,"href":"http:\/\/hojas.co.at\/blog\/wp-json\/wp\/v2\/tags?post=813"}],"curies":[{"name":"wp","href":"https:\/\/api.w.org\/{rel}","templated":true}]}}