{"id":1361,"date":"2019-05-12T13:23:37","date_gmt":"2019-05-12T11:23:37","guid":{"rendered":"http:\/\/hojas.co.at\/blog\/?p=1361"},"modified":"2019-05-12T13:23:37","modified_gmt":"2019-05-12T11:23:37","slug":"graz-infos-fuer-menschen-mit-behinderung","status":"publish","type":"post","link":"https:\/\/hojas.co.at\/blog\/graz-infos-fuer-menschen-mit-behinderung\/","title":{"rendered":"Graz &#8211; Infos f\u00fcr Menschen mit Behinderung"},"content":{"rendered":"<p>Graz &#8211; Barrierefei<\/p>\n<p>Graz ohne Grenzen f\u00fcr jedermann. Das ist das erkl\u00e4rte Ziel in Graz!<br \/>\nWir m\u00f6chten unsere G\u00e4ste gerne dabei unterst\u00fctzen. Informationen zu Anreise, \u00f6ffentlichem Verkehr, Hotels, Museen, Restaurants etc. sollen einen Beitrag leisten, Ihren \u201ebarrierefreien&#8220; Aufenthalt in Graz so angenehm wie m\u00f6glich zu gestalten.<\/p>\n<p><a href=\"https:\/\/www.graztourismus.at\/de\/gut-zu-wissen\/graz-barrierefrei\">Link zu Graz Barrierefrei <\/a><\/p>\n","protected":false},"excerpt":{"rendered":"<p>Graz &#8211; Barrierefei Graz ohne Grenzen f\u00fcr jedermann. Das ist das erkl\u00e4rte Ziel in Graz! Wir m\u00f6chten unsere G\u00e4ste gerne dabei unterst\u00fctzen. Informationen zu Anreise, \u00f6ffentlichem Verkehr, Hotels, Museen, Restaurants&#8230; <a class=\"read-more-button\" href=\"https:\/\/hojas.co.at\/blog\/graz-infos-fuer-menschen-mit-behinderung\/\">Lesen Sie mehr &gt;<\/a><\/p>\n","protected":false},"author":1,"featured_media":0,"comment_status":"open","ping_status":"closed","sticky":false,"template":"","format":"standard","meta":{"spay_email":"","jetpack_publicize_message":""},"categories":[26,17,20,21,27],"tags":[],"jetpack_featured_media_url":"","jetpack_publicize_connections":[],"jetpack_sharing_enabled":true,"jetpack_shortlink":"https:\/\/wp.me\/pawkJb-lX","_links":{"self":[{"href":"https:\/\/hojas.co.at\/blog\/wp-json\/wp\/v2\/posts\/1361"}],"collection":[{"href":"https:\/\/hojas.co.at\/blog\/wp-json\/wp\/v2\/posts"}],"about":[{"href":"https:\/\/hojas.co.at\/blog\/wp-json\/wp\/v2\/types\/post"}],"author":[{"embeddable":true,"href":"https:\/\/hojas.co.at\/blog\/wp-json\/wp\/v2\/users\/1"}],"replies":[{"embeddable":true,"href":"https:\/\/hojas.co.at\/blog\/wp-json\/wp\/v2\/comments?post=1361"}],"version-history":[{"count":1,"href":"https:\/\/hojas.co.at\/blog\/wp-json\/wp\/v2\/posts\/1361\/revisions"}],"predecessor-version":[{"id":1362,"href":"https:\/\/hojas.co.at\/blog\/wp-json\/wp\/v2\/posts\/1361\/revisions\/1362"}],"wp:attachment":[{"href":"https:\/\/hojas.co.at\/blog\/wp-json\/wp\/v2\/media?parent=1361"}],"wp:term":[{"taxonomy":"category","embeddable":true,"href":"https:\/\/hojas.co.at\/blog\/wp-json\/wp\/v2\/categories?post=1361"},{"taxonomy":"post_tag","embeddable":true,"href":"https:\/\/hojas.co.at\/blog\/wp-json\/wp\/v2\/tags?post=1361"}],"curies":[{"name":"wp","href":"https:\/\/api.w.org\/{rel}","templated":true}]}}